{"id":1794,"date":"2005-11-09T21:43:26","date_gmt":"2005-11-09T21:43:26","guid":{"rendered":"http:\/\/svay.com\/blog\/?p=1794"},"modified":"2005-11-09T21:43:26","modified_gmt":"2005-11-09T21:43:26","slug":"332-disons-que-les-travaux-sont-termines-ou-presque","status":"publish","type":"post","link":"https:\/\/svay.com\/blog\/332-disons-que-les-travaux-sont-termines-ou-presque\/","title":{"rendered":"Disons que les travaux sont termin\u00e9s (ou presque)"},"content":{"rendered":"<p>Vous pouvez enlever votre casque de chantier. Les travaux sont termin\u00e9s (enfin presque). Je vous laisse regarder et vais essayer de vous expliquer ma d\u00e9marche.<\/p>\n<p><!--more--><\/p>\n<p><img decoding=\"async\" src=\"\/blog\/images\/theme_svay2.jpg\" alt=\"Aper\u00e7u du th\u00e8me au moment du billet\" style=\"display:block; margin:0 auto;\" \/><\/p>\n<h3>Retour aux fondamentaux<\/h3>\n<p>Tout d&#8217;abord, il s&#8217;agit d&#8217;un r\u00e9ajustement (<a href=\"http:\/\/alistapart.com\/articles\/redesignrealign\" hreflang=\"en\">tr\u00e8s \u00e0 la mode<\/a>) et non d&#8217;un redesign en profondeur.<\/p>\n<p>Pour cette nouvelle version, j&#8217;ai d\u00e9cid\u00e9 de me concentrer sur l&#8217;essentiel. Finies les accumulations graphiques dans un espace minuscule.<\/p>\n<p>\u00c0 l&#8217;orgie graphique, j&#8217;ai pr\u00e9f\u00e9r\u00e9 la simplicit\u00e9 de quelques couleurs rafra\u00eechissantes. L&#8217;objectif est simple: redonner du poids au contenu en limitant le bruit environnant.<\/p>\n<p>Ce contenu dispose d&#8217;ailleurs de davantage d&#8217;espace, am\u00e9nag\u00e9 par une largeur fluide, des marges g\u00e9n\u00e9reuses et une interligne qui permet au texte de respirer. Les titres prennent de l&#8217;assurance et s&#8217;affichent en petites capitales et en grande taille.<\/p>\n<p>D&#8217;un point de vue de l&#8217;organisation, j&#8217;ai poursuivi la suppression de la pollution visuelle en r\u00e9duisant le nombre d&#8217;\u00e9l\u00e9ments dans la navigation secondaire. N\u00e9anmoins, j&#8217;ai essay\u00e9 de faire en sorte que cela reste tout aussi fonctionnel qu&#8217;avant. J&#8217;ai d&#8217;ailleurs profit\u00e9 de ce nettoyage pour faire le tri et mettre les \u00e9l\u00e9ments relatifs au blog dans une colonne et les liens vers l&#8217;ext\u00e9rieur dans une autre colonne.<\/p>\n<p>Comme le titre l&#8217;indique, ce n&#8217;est pas totallement termin\u00e9. Certains \u00e9l\u00e9ments m\u00e9riteraient un peu plus d&#8217;attention et je ne suis pas satisfait de l&#8217;organisation des archives. Tout \u00e7a risque donc de bouger encore un peu dans les semaines \u00e0 venir.<\/p>\n<p>Maintenant que vous savez maintenant comment j&#8217;ai proc\u00e9d\u00e9, \u00e0 vous de me dire si j&#8217;ai atteint mon but&nbsp;: vous rendre la lecture plus agr\u00e9able. Pas besoin de web 2.0 pour am\u00e9liorer l&#8217;exp\u00e9rience de l&#8217;utilisateur.<\/p>\n<p>PS&nbsp;: Non Arnaud, ce n&#8217;est pas centr\u00e9.<\/p>\n","protected":false},"excerpt":{"rendered":"<p>Vous pouvez enlever votre casque de chantier. Les travaux sont termin\u00e9s (enfin presque). Je vous laisse regarder et vais essayer de vous expliquer ma d\u00e9marche.<\/p>\n","protected":false},"author":1,"featured_media":0,"comment_status":"open","ping_status":"open","sticky":false,"template":"","format":"standard","meta":[],"categories":[23],"tags":[],"_links":{"self":[{"href":"https:\/\/svay.com\/blog\/wp-json\/wp\/v2\/posts\/1794"}],"collection":[{"href":"https:\/\/svay.com\/blog\/wp-json\/wp\/v2\/posts"}],"about":[{"href":"https:\/\/svay.com\/blog\/wp-json\/wp\/v2\/types\/post"}],"author":[{"embeddable":true,"href":"https:\/\/svay.com\/blog\/wp-json\/wp\/v2\/users\/1"}],"replies":[{"embeddable":true,"href":"https:\/\/svay.com\/blog\/wp-json\/wp\/v2\/comments?post=1794"}],"version-history":[{"count":0,"href":"https:\/\/svay.com\/blog\/wp-json\/wp\/v2\/posts\/1794\/revisions"}],"wp:attachment":[{"href":"https:\/\/svay.com\/blog\/wp-json\/wp\/v2\/media?parent=1794"}],"wp:term":[{"taxonomy":"category","embeddable":true,"href":"https:\/\/svay.com\/blog\/wp-json\/wp\/v2\/categories?post=1794"},{"taxonomy":"post_tag","embeddable":true,"href":"https:\/\/svay.com\/blog\/wp-json\/wp\/v2\/tags?post=1794"}],"curies":[{"name":"wp","href":"https:\/\/api.w.org\/{rel}","templated":true}]}}